{"id":3067,"date":"2023-05-30T14:31:00","date_gmt":"2023-05-30T12:31:00","guid":{"rendered":"https:\/\/www.grantalexander.com\/en\/?p=3067"},"modified":"2025-08-28T16:27:23","modified_gmt":"2025-08-28T14:27:23","slug":"grant-alexander-appoints-adelaide-panhard-as-associate-director-executive-interim","status":"publish","type":"post","link":"https:\/\/www.grantalexander.com\/en\/our-news\/grant-alexander-appoints-adelaide-panhard-as-associate-director-executive-interim\/","title":{"rendered":"Grant Alexander appoints Ad\u00e9la\u00efde Panhard as Associate Director &#8211; Executive Interim"},"content":{"rendered":"\n<p>Paris, May 30, 2023 \u2013 Ad\u00e9la\u00efde Panhard joins the Executive Interim division of the human resources consulting group Grant Alexander as Associate Director.<br><\/p>\n\n\n\n<figure class=\"wp-block-image size-full is-resized\"><img decoding=\"async\" class=\"wp-image-1560 alignleft\" src=\"https:\/\/www.grantalexander.com\/wp-content\/uploads\/2024\/06\/Adelaide-Parnhard-600x600-1.webp\" alt=\"\" width=\"228\" height=\"228\" \/><\/figure>\nAd\u00e9la\u00efde Panhard d\u00e9marre son parcours professionnel en tant que Cheffe de produit junior chez Cacharel Parfums (groupe L\u2019Or\u00e9al), puis chez Jean d\u2019Estr\u00e9es avant de rejoindre en 2010 le groupe Est\u00e9e Lauder o\u00f9 elle occupe des fonctions de Responsable merchandising pour les marques Darphin International et La Mer. En 2018, elle int\u00e8gre Princesse Marina de Bourbon Parfums en tant que Responsable marketing et digital international. Avant de rejoindre Grant Alexander, elle \u00e9tait depuis 2019 Responsable shopper experience et formation inter pour Paco Rabanne Parfums (groupe Puig).\nAd\u00e9la\u00efde int\u00e8gre une activit\u00e9 en fort d\u00e9veloppement (+50% de croissance du CA en 2021-2022) dirig\u00e9e par Alban Azzopardi qui compte d\u00e9sormais 15 personnes d\u00e9di\u00e9es au management de transition. Dans le cadre de ses fonctions de business development, elle mettra sa fine connaissance des enjeux RH et organisationnels des acteurs du luxe et de la beaut\u00e9 au service du groupe et lui permettra de d\u00e9velopper sa pr\u00e9sence dans cet univers.\nAd\u00e9la\u00efde est titulaire d\u2019un Master 2 de l\u2019European Business School Paris (2009) et d\u2019un Executive Master sp\u00e9cialis\u00e9 en marketing et communication de l\u2019ESCP (2019).\n<h5><span style=\"font-size: 10pt\"><span style=\"text-decoration: underline\"><span class=\"fontstyle2\">A propos de Grant Alexander <\/span><\/span><span class=\"fontstyle0\">: <\/span><span class=\"fontstyle0\">Depuis plus de 30 ans, Grant Alexander est le partenaire de la performance des organisations et de leurs dirigeants qu\u2019il accompagne de mani\u00e8re globale sur tous leurs besoins en gestion et d\u00e9veloppement de la comp\u00e9tence, avec une r\u00e9ponse toujours sur mesure. Groupe multi-sp\u00e9cialiste de conseil et services RH, avec 4 activit\u00e9s (Executive Search, Executive Interim, Leadership Development, HR &amp; Organisation Transformation), il intervient dans tous les secteurs, sur toutes les fonctions (dirigeants \/ experts \/ profils rares), partout dans le monde. Il dispose de plusieurs implantations en France (Paris, Lyon, Marseille, Nantes, Toulouse), d\u2019un bureau \u00e0 Abidjan pour l\u2019Afrique, et est par ailleurs le partenaire exclusif en France d\u2019InterSearch, r\u00e9seau mondial leader dans le recrutement de cadres dirigeants. Acteur social et engag\u00e9, Grant Alexander est labellis\u00e9 Lucie 26000.<\/span><\/span><\/h5>\n<h5><span style=\"font-size: 10pt\"><span class=\"fontstyle0\">Plus d&#8217;informations sur :\u00a0<a href=\"https:\/\/www.grantalexander.com\/\">www.grantalexander.com<\/a><\/span><\/span><\/h5>\nContact Presse : Agence \u00d8connection\nVal\u00e9rie Hackenheimer &#8211; vhackenheimer@oconnection.fr &#8211; 06 12 80 35 20\nEmeline R\u00e9thor\u00e9 \u2013 erethore@oconnection.fr &#8211; 06 30 61 51 67\n","protected":false},"excerpt":{"rendered":"<p>Paris, May 30, 2023 \u2013 Ad\u00e9la\u00efde Panhard joins the Executive Interim division of the human resources consulting group Grant Alexander as Associate Director.<\/p>\n","protected":false},"author":8,"featured_media":2914,"comment_status":"closed","ping_status":"closed","sticky":false,"template":"","format":"standard","meta":{"_acf_changed":true,"content-type":"","footnotes":""},"activity":[5],"topical-themes":[],"news-type":[43],"class_list":["post-3067","post","type-post","status-publish","format-standard","has-post-thumbnail","hentry"],"acf":[],"yoast_head":"<!-- This site is optimized with the Yoast SEO plugin v25.7 - https:\/\/yoast.com\/wordpress\/plugins\/seo\/ -->\n<title>Grant Alexander appoints Ad\u00e9la\u00efde Panhard as Associate Director - Executive Interim - Grant Alexander<\/title>\n<meta name=\"robots\" content=\"index, follow, max-snippet:-1, max-image-preview:large, max-video-preview:-1\" \/>\n<link rel=\"canonical\" href=\"https:\/\/www.grantalexander.com\/en\/our-news\/grant-alexander-appoints-adelaide-panhard-as-associate-director-executive-interim\/\" \/>\n<meta property=\"og:locale\" content=\"en_GB\" \/>\n<meta property=\"og:type\" content=\"article\" \/>\n<meta property=\"og:title\" content=\"Grant Alexander appoints Ad\u00e9la\u00efde Panhard as Associate Director - Executive Interim - Grant Alexander\" \/>\n<meta property=\"og:description\" content=\"Paris, May 30, 2023 \u2013 Ad\u00e9la\u00efde Panhard joins the Executive Interim division of the human resources consulting group Grant Alexander as Associate Director.\" \/>\n<meta property=\"og:url\" content=\"https:\/\/www.grantalexander.com\/en\/our-news\/grant-alexander-appoints-adelaide-panhard-as-associate-director-executive-interim\/\" \/>\n<meta property=\"og:site_name\" content=\"Grant Alexander\" \/>\n<meta property=\"article:published_time\" content=\"2023-05-30T12:31:00+00:00\" \/>\n<meta property=\"article:modified_time\" content=\"2025-08-28T14:27:23+00:00\" \/>\n<meta property=\"og:image\" content=\"https:\/\/www.grantalexander.com\/en\/wp-content\/uploads\/sites\/2\/2025\/08\/Vie-du-groupe-1.jpg\" \/>\n\t<meta property=\"og:image:width\" content=\"783\" \/>\n\t<meta property=\"og:image:height\" content=\"508\" \/>\n\t<meta property=\"og:image:type\" content=\"image\/jpeg\" \/>\n<meta name=\"author\" content=\"lfourtane\" \/>\n<meta name=\"twitter:card\" content=\"summary_large_image\" \/>\n<meta name=\"twitter:label1\" content=\"Written by\" \/>\n\t<meta name=\"twitter:data1\" content=\"lfourtane\" \/>\n\t<meta name=\"twitter:label2\" content=\"Estimated reading time\" \/>\n\t<meta name=\"twitter:data2\" content=\"2 minutes\" \/>\n<script type=\"application\/ld+json\" class=\"yoast-schema-graph\">{\"@context\":\"https:\/\/schema.org\",\"@graph\":[{\"@type\":\"WebPage\",\"@id\":\"https:\/\/www.grantalexander.com\/en\/our-news\/grant-alexander-appoints-adelaide-panhard-as-associate-director-executive-interim\/\",\"url\":\"https:\/\/www.grantalexander.com\/en\/our-news\/grant-alexander-appoints-adelaide-panhard-as-associate-director-executive-interim\/\",\"name\":\"Grant Alexander appoints Ad\u00e9la\u00efde Panhard as Associate Director - Executive Interim - Grant Alexander\",\"isPartOf\":{\"@id\":\"https:\/\/www.grantalexander.com\/en\/#website\"},\"primaryImageOfPage\":{\"@id\":\"https:\/\/www.grantalexander.com\/en\/our-news\/grant-alexander-appoints-adelaide-panhard-as-associate-director-executive-interim\/#primaryimage\"},\"image\":{\"@id\":\"https:\/\/www.grantalexander.com\/en\/our-news\/grant-alexander-appoints-adelaide-panhard-as-associate-director-executive-interim\/#primaryimage\"},\"thumbnailUrl\":\"https:\/\/www.grantalexander.com\/en\/wp-content\/uploads\/sites\/2\/2025\/08\/Vie-du-groupe-1.jpg\",\"datePublished\":\"2023-05-30T12:31:00+00:00\",\"dateModified\":\"2025-08-28T14:27:23+00:00\",\"author\":{\"@id\":\"https:\/\/www.grantalexander.com\/en\/#\/schema\/person\/4e604f88a0533256d3208300cef58b7a\"},\"inLanguage\":\"en-GB\",\"potentialAction\":[{\"@type\":\"ReadAction\",\"target\":[\"https:\/\/www.grantalexander.com\/en\/our-news\/grant-alexander-appoints-adelaide-panhard-as-associate-director-executive-interim\/\"]}]},{\"@type\":\"ImageObject\",\"inLanguage\":\"en-GB\",\"@id\":\"https:\/\/www.grantalexander.com\/en\/our-news\/grant-alexander-appoints-adelaide-panhard-as-associate-director-executive-interim\/#primaryimage\",\"url\":\"https:\/\/www.grantalexander.com\/en\/wp-content\/uploads\/sites\/2\/2025\/08\/Vie-du-groupe-1.jpg\",\"contentUrl\":\"https:\/\/www.grantalexander.com\/en\/wp-content\/uploads\/sites\/2\/2025\/08\/Vie-du-groupe-1.jpg\",\"width\":783,\"height\":508},{\"@type\":\"WebSite\",\"@id\":\"https:\/\/www.grantalexander.com\/en\/#website\",\"url\":\"https:\/\/www.grantalexander.com\/en\/\",\"name\":\"Grant Alexander\",\"description\":\"\",\"potentialAction\":[{\"@type\":\"SearchAction\",\"target\":{\"@type\":\"EntryPoint\",\"urlTemplate\":\"https:\/\/www.grantalexander.com\/en\/?s={search_term_string}\"},\"query-input\":{\"@type\":\"PropertyValueSpecification\",\"valueRequired\":true,\"valueName\":\"search_term_string\"}}],\"inLanguage\":\"en-GB\"},{\"@type\":\"Person\",\"@id\":\"https:\/\/www.grantalexander.com\/en\/#\/schema\/person\/4e604f88a0533256d3208300cef58b7a\",\"name\":\"lfourtane\",\"image\":{\"@type\":\"ImageObject\",\"inLanguage\":\"en-GB\",\"@id\":\"https:\/\/www.grantalexander.com\/en\/#\/schema\/person\/image\/\",\"url\":\"https:\/\/secure.gravatar.com\/avatar\/ea653867e27320f0c9f23f33a5532a7295f73195980ce4a1d1f187b69738f66f?s=96&d=mm&r=g\",\"contentUrl\":\"https:\/\/secure.gravatar.com\/avatar\/ea653867e27320f0c9f23f33a5532a7295f73195980ce4a1d1f187b69738f66f?s=96&d=mm&r=g\",\"caption\":\"lfourtane\"},\"url\":\"https:\/\/www.grantalexander.com\/en\/our-news\/author\/lfourtane\/\"}]}<\/script>\n<!-- \/ Yoast SEO plugin. -->","yoast_head_json":{"title":"Grant Alexander appoints Ad\u00e9la\u00efde Panhard as Associate Director - Executive Interim - Grant Alexander","robots":{"index":"index","follow":"follow","max-snippet":"max-snippet:-1","max-image-preview":"max-image-preview:large","max-video-preview":"max-video-preview:-1"},"canonical":"https:\/\/www.grantalexander.com\/en\/our-news\/grant-alexander-appoints-adelaide-panhard-as-associate-director-executive-interim\/","og_locale":"en_GB","og_type":"article","og_title":"Grant Alexander appoints Ad\u00e9la\u00efde Panhard as Associate Director - Executive Interim - Grant Alexander","og_description":"Paris, May 30, 2023 \u2013 Ad\u00e9la\u00efde Panhard joins the Executive Interim division of the human resources consulting group Grant Alexander as Associate Director.","og_url":"https:\/\/www.grantalexander.com\/en\/our-news\/grant-alexander-appoints-adelaide-panhard-as-associate-director-executive-interim\/","og_site_name":"Grant Alexander","article_published_time":"2023-05-30T12:31:00+00:00","article_modified_time":"2025-08-28T14:27:23+00:00","og_image":[{"width":783,"height":508,"url":"https:\/\/www.grantalexander.com\/en\/wp-content\/uploads\/sites\/2\/2025\/08\/Vie-du-groupe-1.jpg","type":"image\/jpeg"}],"author":"lfourtane","twitter_card":"summary_large_image","twitter_misc":{"Written by":"lfourtane","Estimated reading time":"2 minutes"},"schema":{"@context":"https:\/\/schema.org","@graph":[{"@type":"WebPage","@id":"https:\/\/www.grantalexander.com\/en\/our-news\/grant-alexander-appoints-adelaide-panhard-as-associate-director-executive-interim\/","url":"https:\/\/www.grantalexander.com\/en\/our-news\/grant-alexander-appoints-adelaide-panhard-as-associate-director-executive-interim\/","name":"Grant Alexander appoints Ad\u00e9la\u00efde Panhard as Associate Director - Executive Interim - Grant Alexander","isPartOf":{"@id":"https:\/\/www.grantalexander.com\/en\/#website"},"primaryImageOfPage":{"@id":"https:\/\/www.grantalexander.com\/en\/our-news\/grant-alexander-appoints-adelaide-panhard-as-associate-director-executive-interim\/#primaryimage"},"image":{"@id":"https:\/\/www.grantalexander.com\/en\/our-news\/grant-alexander-appoints-adelaide-panhard-as-associate-director-executive-interim\/#primaryimage"},"thumbnailUrl":"https:\/\/www.grantalexander.com\/en\/wp-content\/uploads\/sites\/2\/2025\/08\/Vie-du-groupe-1.jpg","datePublished":"2023-05-30T12:31:00+00:00","dateModified":"2025-08-28T14:27:23+00:00","author":{"@id":"https:\/\/www.grantalexander.com\/en\/#\/schema\/person\/4e604f88a0533256d3208300cef58b7a"},"inLanguage":"en-GB","potentialAction":[{"@type":"ReadAction","target":["https:\/\/www.grantalexander.com\/en\/our-news\/grant-alexander-appoints-adelaide-panhard-as-associate-director-executive-interim\/"]}]},{"@type":"ImageObject","inLanguage":"en-GB","@id":"https:\/\/www.grantalexander.com\/en\/our-news\/grant-alexander-appoints-adelaide-panhard-as-associate-director-executive-interim\/#primaryimage","url":"https:\/\/www.grantalexander.com\/en\/wp-content\/uploads\/sites\/2\/2025\/08\/Vie-du-groupe-1.jpg","contentUrl":"https:\/\/www.grantalexander.com\/en\/wp-content\/uploads\/sites\/2\/2025\/08\/Vie-du-groupe-1.jpg","width":783,"height":508},{"@type":"WebSite","@id":"https:\/\/www.grantalexander.com\/en\/#website","url":"https:\/\/www.grantalexander.com\/en\/","name":"Grant Alexander","description":"","potentialAction":[{"@type":"SearchAction","target":{"@type":"EntryPoint","urlTemplate":"https:\/\/www.grantalexander.com\/en\/?s={search_term_string}"},"query-input":{"@type":"PropertyValueSpecification","valueRequired":true,"valueName":"search_term_string"}}],"inLanguage":"en-GB"},{"@type":"Person","@id":"https:\/\/www.grantalexander.com\/en\/#\/schema\/person\/4e604f88a0533256d3208300cef58b7a","name":"lfourtane","image":{"@type":"ImageObject","inLanguage":"en-GB","@id":"https:\/\/www.grantalexander.com\/en\/#\/schema\/person\/image\/","url":"https:\/\/secure.gravatar.com\/avatar\/ea653867e27320f0c9f23f33a5532a7295f73195980ce4a1d1f187b69738f66f?s=96&d=mm&r=g","contentUrl":"https:\/\/secure.gravatar.com\/avatar\/ea653867e27320f0c9f23f33a5532a7295f73195980ce4a1d1f187b69738f66f?s=96&d=mm&r=g","caption":"lfourtane"},"url":"https:\/\/www.grantalexander.com\/en\/our-news\/author\/lfourtane\/"}]}},"_links":{"self":[{"href":"https:\/\/www.grantalexander.com\/en\/wp-json\/wp\/v2\/posts\/3067","targetHints":{"allow":["GET"]}}],"collection":[{"href":"https:\/\/www.grantalexander.com\/en\/wp-json\/wp\/v2\/posts"}],"about":[{"href":"https:\/\/www.grantalexander.com\/en\/wp-json\/wp\/v2\/types\/post"}],"author":[{"embeddable":true,"href":"https:\/\/www.grantalexander.com\/en\/wp-json\/wp\/v2\/users\/8"}],"replies":[{"embeddable":true,"href":"https:\/\/www.grantalexander.com\/en\/wp-json\/wp\/v2\/comments?post=3067"}],"version-history":[{"count":0,"href":"https:\/\/www.grantalexander.com\/en\/wp-json\/wp\/v2\/posts\/3067\/revisions"}],"wp:featuredmedia":[{"embeddable":true,"href":"https:\/\/www.grantalexander.com\/en\/wp-json\/wp\/v2\/media\/2914"}],"wp:attachment":[{"href":"https:\/\/www.grantalexander.com\/en\/wp-json\/wp\/v2\/media?parent=3067"}],"wp:term":[{"taxonomy":"activity","embeddable":true,"href":"https:\/\/www.grantalexander.com\/en\/wp-json\/wp\/v2\/activity?post=3067"},{"taxonomy":"topical-themes","embeddable":true,"href":"https:\/\/www.grantalexander.com\/en\/wp-json\/wp\/v2\/topical-themes?post=3067"},{"taxonomy":"news-type","embeddable":true,"href":"https:\/\/www.grantalexander.com\/en\/wp-json\/wp\/v2\/news-type?post=3067"}],"curies":[{"name":"wp","href":"https:\/\/api.w.org\/{rel}","templated":true}]}}